{"id":11116,"date":"2021-11-06T19:18:55","date_gmt":"2021-11-06T18:18:55","guid":{"rendered":"https:\/\/marciszewski.eu\/?p=11116"},"modified":"2025-09-23T02:56:20","modified_gmt":"2025-09-23T00:56:20","slug":"era-informacji-informatyczna-cyfrowa-czy-te-i-inne-informacyjne-etykiety-dobrze-pasuja-do-naszych-czasow","status":"publish","type":"post","link":"https:\/\/marciszewski.eu\/?p=11116","title":{"rendered":"Era informacji, informatyczna, cyfrowa\u2026 <br>Czy te i inne \u201einformacyjne\u201d etykiety dobrze pasuj\u0105 do naszych czas\u00f3w?"},"content":{"rendered":"<p>Obecnym wpisem chcia\u0142bym od\u015bwie\u017cy\u0107 przedwakacyjn\u0105 dyskusj\u0119 pt. \u201e<a href=\"https:\/\/marciszewski.eu\/?p=11042\" target=\"_blank\" rel=\"noopener\">Czy \u017cyjemy w erze informacji i co to znaczy?<\/a>\u201d. \u00a0Temat wydaje si\u0119 banalny, a odpowied\u017a oczywista: tak, <strong>\u017cyjemy w erze informacji<\/strong>, a sama informacja, g\u0142\u00f3wnie za spraw\u0105 informatyki, ma coraz cz\u0119\u015bciej posta\u0107 cyfrow\u0105.<\/p>\n<p>Oto pr\u00f3bka tekstu naukowego, w kt\u00f3rym termin \u201e<strong>era cyfrowa<\/strong>\u201d jest traktowany jako zupe\u0142nie oczywista nazwa naszych czas\u00f3w:<\/p>\n<p style=\"padding-left: 40px;\">&lt;&lt; <em>Podstawow\u0105 charakterystyk\u0105 ery cyfrowej jest bezprecedensowa <strong>ekspansja informacji<\/strong>. Pocz\u0105wszy od lat 80. XX wieku, wolumen zgromadzonych na \u015bwiecie danych i skumulowana moc obliczeniowa podwajaj\u0105 si\u0119 co 2\u20133 lata (Hilbert i Lopez, 2011). Koszt standardowej operacji obliczeniowej spada \u015brednio o 53% rocznie (Nordhaus, 2017). Mo\u017cna powiedzie\u0107, \u017ce przetwarzanie, przechowywanie i transmisja informacji odspoi\u0142y si\u0119 od mo\u017cliwo\u015bci poznawczych ludzkiego m\u00f3zgu \u2013 przed er\u0105 cyfrow\u0105 to cz\u0142owiek za to odpowiada\u0142, dzi\u015b w zdecydowanej wi\u0119kszo\u015bci jest to ju\u017c domen\u0105 komputer\u00f3w i innych urz\u0105dze\u0144 elektronicznych. Przed 1980 r. mniej ni\u017c 1% informacji by\u0142o zakodowanych w postaci cyfrowej, dzi\u015b ponad 99% (Gillings, Hilbert i Kemp, 2016).<\/em>&gt;&gt;<br \/>\n\u0179r\u00f3d\u0142o:\u00a0 J. Growiec, \u201cSpo\u0142eczny odbi\u00f3r nauki w erze cyfrowej\u201d, z ksi\u0105\u017cki <a href=\"http:\/\/www.ipwc.pw.edu.pl\/pliki\/IPWC-LXXIV.pdf\" target=\"_blank\" rel=\"noopener\">Ewolucja cywilizacyjnej roli i spo\u0142ecznego odbioru nauki<\/a><\/p>\n<p>Dyskutuj\u0105c powy\u017csze kwestie kilka miesi\u0119cy temu, wiele os\u00f3b wykaza\u0142o zdrowy \u2013 moim zdaniem \u2013\u00a0 <strong>krytycyzm<\/strong> co do nazbyt po\u015bpiesznych pr\u00f3b nazwania wsp\u00f3\u0142czesno\u015bci. Nazbyt po\u015bpiesznych, bo czynionych ze zbyt bliskiej czasowej perspektywy.\u00a0<br \/>\nOto kilka reprezentatywnych g\u0142os\u00f3w:<\/p>\n<p style=\"padding-left: 40px;\">1.<br \/>\n<em>Uwa\u017cam, \u017ce samo spojrzenie technologiczno-informatyczne mo\u017ce by\u0107 zbyt zaw\u0119\u017con\u0105 perspektyw\u0105 spojrzenia na nasze czasy. Z pewno\u015bci\u0105 jest to jeden z g\u0142\u00f3wnych aspekt\u00f3w definiuj\u0105cych nasze spo\u0142ecze\u0144stwo, ale nie jedyny. My\u015bl\u0119, \u017ce nie sama informacja jest tu s\u0142owem kluczem, a bardziej jest to \u201eglobalizacja\u201d.<\/em><\/p>\n<p style=\"padding-left: 40px;\">2.<br \/>\n<em>Czy zatem mo\u017cna powiedzie\u0107, \u017ce \u017cyjemy w erze informacji? Osobi\u015bcie nie zgadzam si\u0119 z tym stwierdzeniem. Aktualnie posiadamy szybszy przesy\u0142 informacji, dzi\u0119ki czemu mo\u017cemy wykorzysta\u0107 wi\u0119cej zasob\u00f3w, ale informacja nie zyska\u0142a wi\u0119kszej wagi ni\u017c to by\u0142o w poprzednich epokach. Moim zdaniem trafniejszym okre\u015bleniem jest to, \u017ce \u201e\u017cyjemy w erze danych\u201d.<\/em><\/p>\n<p style=\"padding-left: 40px;\">3.<br \/>\n<em>Nie powiedzia\u0142bym, \u017ce dzisiejsze spo\u0142ecze\u0144stwo mo\u017cemy nazwa\u0107 \u201espo\u0142ecze\u0144stwem informacji\u201d, jako g\u0142\u00f3wnym mianem. Podobnie jak kilku moich przedm\u00f3wc\u00f3w, nazwa\u0142bym nas pr\u0119dzej \u201espo\u0142ecze\u0144stwem dezinformacji\u201d. \u0141atwo\u015b\u0107 dost\u0119pu do wiedzy sprawia, \u017ce trudniej jest j\u0105 filtrowa\u0107, si\u0119gamy po najprostsze \u015brodki (wyszukiwarka Google), nie zastanawiaj\u0105c si\u0119, czy strona, na kt\u00f3r\u0105 trafili\u015bmy jest wiarygodna. Nie m\u00f3wi\u0105c ju\u017c o algorytmach, kt\u00f3re wy\u015bwietlaj\u0105 nam tre\u015bci zgodne z naszym \u015bwiatopogl\u0105dem, co prowadzi nas do mylnego wra\u017cenia, \u017ce wszyscy na \u015bwiecie my\u015bl\u0105 podobnie do nas.<\/em><\/p>\n<p style=\"padding-left: 40px;\">4.<br \/>\n<em>Chocia\u017c wszyscy mo\u017cemy si\u0119 zgodzi\u0107, \u017ce komputer jest wynalazkiem definiuj\u0105cym w pewnym sensie nasz czas (jednak nale\u017cy tutaj te\u017c uwa\u017ca\u0107, poniewa\u017c tkwimy w pewnej ba\u0144ce informacyjnej \u015brodowiska informatycznego i nasza opinia mo\u017ce by\u0107 nieobiektywna), to pozostawi\u0142bym nazywanie obecnych czas\u00f3w przysz\u0142ym pokoleniom. Mo\u017ce nie dostrzegamy czego\u015b, co by\u0142o jeszcze wa\u017cniejsze dla rozwoju cywilizacji albo mo\u017ce robimy co\u015b nieprawdopodobnie z\u0142ego (chocia\u017cby dla \u015brodowiska) przez co zostaniemy nazwani \u201eer\u0105 szk\u00f3d\u201d.<\/em><\/p>\n<p>Potraktujmy przytoczone g\u0142osy jako <strong>sygna\u0142 wywo\u0142awczy<\/strong> do dalszej rozmowy\u2026<br \/>\nChocia\u017c wybra\u0142em g\u0142osy co najmniej wstrzemi\u0119\u017aliwe wobec okre\u015ble\u0144 typu \u201eera informacyjna\u201d czy \u201ecyfrowa\u201d, to niekoniecznie musimy te nazwy skre\u015bla\u0107.<br \/>\nArgumentujmy i polemizujmy zgodnie z w\u0142asnym \u201erozpoznaniem sytuacji\u201d.<\/p>\n<p><strong>Serdecznie zapraszam do dyskusji<\/strong> \u2013 Pawe\u0142 Stacewicz<\/p>\n<p>Jako materia\u0142 pomocniczy proponuj\u0119 nast\u0119puj\u0105ce \u017ar\u00f3d\u0142a:<\/p>\n<p>\u2666 artyku\u0142 A. Sici\u0144skiego: <a href=\"http:\/\/stac.calculemus.org\/pdf\/EFiMI-2016\/Spoleczenstwo_informacyjne--A.Sicinski.pdf\" target=\"_blank\" rel=\"noopener noreferrer\">Spo\u0142ecze\u0144stwo informacyjne: pr\u00f3ba nazwania naszych czas\u00f3w<\/a><\/p>\n<p>\u2666 artyku\u0142 J. Growca: <a href=\"http:\/\/www.ipwc.pw.edu.pl\/pliki\/IPWC-LXXIV.pdf\" target=\"_blank\" rel=\"noopener\">Spo\u0142eczny odbi\u00f3r nauki w erze cyfrowej<\/a><\/p>\n<p>\u2666 prezentacja P Stacewicza: <a href=\"https:\/\/marciszewski.eu\/wp-content\/uploads\/2021\/03\/T2_Informacja-pojecie-interdyscyplinarne-2021-rozszerzone.pdf\" target=\"_blank\" rel=\"noopener noreferrer\">Informacja jako poj\u0119cie interdyscyplinarne<\/a><\/p>\n","protected":false},"excerpt":{"rendered":"<p>Obecnym wpisem chcia\u0142bym od\u015bwie\u017cy\u0107 przedwakacyjn\u0105 dyskusj\u0119 pt. \u201eCzy \u017cyjemy w erze informacji i co to znaczy?\u201d. \u00a0Temat wydaje si\u0119 banalny, a odpowied\u017a oczywista: tak, \u017cyjemy w erze informacji, a sama informacja, g\u0142\u00f3wnie za spraw\u0105 informatyki, ma coraz cz\u0119\u015bciej posta\u0107 cyfrow\u0105. &hellip; <a href=\"https:\/\/marciszewski.eu\/?p=11116\">Czytaj dalej <span class=\"meta-nav\">&rarr;<\/span><\/a><\/p>\n","protected":false},"author":3,"featured_media":0,"comment_status":"open","ping_status":"open","sticky":false,"template":"","format":"standard","meta":{"footnotes":""},"categories":[1,46,20,42,8],"tags":[],"class_list":["post-11116","post","type-post","status-publish","format-standard","hentry","category-bez-kategorii","category-dydaktyka","category-filozofia-informatyki","category-filoz-nauki","category-informatyzm"],"_links":{"self":[{"href":"https:\/\/marciszewski.eu\/index.php?rest_route=\/wp\/v2\/posts\/11116","targetHints":{"allow":["GET"]}}],"collection":[{"href":"https:\/\/marciszewski.eu\/index.php?rest_route=\/wp\/v2\/posts"}],"about":[{"href":"https:\/\/marciszewski.eu\/index.php?rest_route=\/wp\/v2\/types\/post"}],"author":[{"embeddable":true,"href":"https:\/\/marciszewski.eu\/index.php?rest_route=\/wp\/v2\/users\/3"}],"replies":[{"embeddable":true,"href":"https:\/\/marciszewski.eu\/index.php?rest_route=%2Fwp%2Fv2%2Fcomments&post=11116"}],"version-history":[{"count":15,"href":"https:\/\/marciszewski.eu\/index.php?rest_route=\/wp\/v2\/posts\/11116\/revisions"}],"predecessor-version":[{"id":12504,"href":"https:\/\/marciszewski.eu\/index.php?rest_route=\/wp\/v2\/posts\/11116\/revisions\/12504"}],"wp:attachment":[{"href":"https:\/\/marciszewski.eu\/index.php?rest_route=%2Fwp%2Fv2%2Fmedia&parent=11116"}],"wp:term":[{"taxonomy":"category","embeddable":true,"href":"https:\/\/marciszewski.eu\/index.php?rest_route=%2Fwp%2Fv2%2Fcategories&post=11116"},{"taxonomy":"post_tag","embeddable":true,"href":"https:\/\/marciszewski.eu\/index.php?rest_route=%2Fwp%2Fv2%2Ftags&post=11116"}],"curies":[{"name":"wp","href":"https:\/\/api.w.org\/{rel}","templated":true}]}}