{"id":1558,"date":"2012-02-29T23:12:42","date_gmt":"2012-02-29T23:12:42","guid":{"rendered":"http:\/\/blog.marciszewski.eu\/?p=1558"},"modified":"2025-09-23T11:31:58","modified_gmt":"2025-09-23T09:31:58","slug":"wolny-rynek-jako-system-przetwarzania-informacji","status":"publish","type":"post","link":"https:\/\/marciszewski.eu\/?p=1558","title":{"rendered":"Wolny rynek jako system przetwarzania informacji"},"content":{"rendered":"<p>[stextbox id=&#8221;CafeAleph&#8221;]<a href=\"http:\/\/calculemus.org\/cafe-aleph\/racpol-12\/rynek.pdf\">Pe\u0142ny tekst na ten temat<\/a> &#8211; w Czytelni &#8222;Cafe Aleph&#8221;.[\/stextbox]<\/p>\n<p>Artyku\u0142 pod tym tytu\u0142em jest rozszerzon\u0105 wersj\u0105 odczytu wyg\u0142oszonego w roku 2005, na jednej z konferencji metodologicznych\u00a0 organizowanych w UJ przez prof.\u00a0 Micha\u0142a Hellera.\u00a0 Jest to wi\u0119c data sprzed pojawienia si\u0119 \u015bwiatowego kryzysu ekonomicznego, kt\u00f3ry sk\u0142ania niekt\u00f3rych analityk\u00f3w do kwestionowania stanowiska F.Hayeka zarysowanego w tym artykule. Czy nale\u017cy si\u0119 z nimi zgodzi\u0107? To jeden z wa\u017cniejszych temat\u00f3w do podj\u0119cia w komentarzach.<\/p>\n","protected":false},"excerpt":{"rendered":"<p>[stextbox id=&#8221;CafeAleph&#8221;]Pe\u0142ny tekst na ten temat &#8211; w Czytelni &#8222;Cafe Aleph&#8221;.[\/stextbox] Artyku\u0142 pod tym tytu\u0142em jest rozszerzon\u0105 wersj\u0105 odczytu wyg\u0142oszonego w roku 2005, na jednej z konferencji metodologicznych\u00a0 organizowanych w UJ przez prof.\u00a0 Micha\u0142a Hellera.\u00a0 Jest to wi\u0119c data sprzed &hellip; <a href=\"https:\/\/marciszewski.eu\/?p=1558\">Czytaj dalej <span class=\"meta-nav\">&rarr;<\/span><\/a><\/p>\n","protected":false},"author":2,"featured_media":0,"comment_status":"open","ping_status":"open","sticky":false,"template":"","format":"standard","meta":{"footnotes":""},"categories":[43,8,25],"tags":[],"class_list":["post-1558","post","type-post","status-publish","format-standard","hentry","category-filoz-polit","category-informatyzm","category-liberalizm-2"],"_links":{"self":[{"href":"https:\/\/marciszewski.eu\/index.php?rest_route=\/wp\/v2\/posts\/1558","targetHints":{"allow":["GET"]}}],"collection":[{"href":"https:\/\/marciszewski.eu\/index.php?rest_route=\/wp\/v2\/posts"}],"about":[{"href":"https:\/\/marciszewski.eu\/index.php?rest_route=\/wp\/v2\/types\/post"}],"author":[{"embeddable":true,"href":"https:\/\/marciszewski.eu\/index.php?rest_route=\/wp\/v2\/users\/2"}],"replies":[{"embeddable":true,"href":"https:\/\/marciszewski.eu\/index.php?rest_route=%2Fwp%2Fv2%2Fcomments&post=1558"}],"version-history":[{"count":17,"href":"https:\/\/marciszewski.eu\/index.php?rest_route=\/wp\/v2\/posts\/1558\/revisions"}],"predecessor-version":[{"id":12797,"href":"https:\/\/marciszewski.eu\/index.php?rest_route=\/wp\/v2\/posts\/1558\/revisions\/12797"}],"wp:attachment":[{"href":"https:\/\/marciszewski.eu\/index.php?rest_route=%2Fwp%2Fv2%2Fmedia&parent=1558"}],"wp:term":[{"taxonomy":"category","embeddable":true,"href":"https:\/\/marciszewski.eu\/index.php?rest_route=%2Fwp%2Fv2%2Fcategories&post=1558"},{"taxonomy":"post_tag","embeddable":true,"href":"https:\/\/marciszewski.eu\/index.php?rest_route=%2Fwp%2Fv2%2Ftags&post=1558"}],"curies":[{"name":"wp","href":"https:\/\/api.w.org\/{rel}","templated":true}]}}