{"id":8913,"date":"2016-11-30T12:48:59","date_gmt":"2016-11-30T11:48:59","guid":{"rendered":"http:\/\/marciszewski.eu\/?p=8913"},"modified":"2025-09-23T03:20:14","modified_gmt":"2025-09-23T01:20:14","slug":"racjonalizm-i-pragmatyzm-kazimierza-ajdukiewicza","status":"publish","type":"post","link":"https:\/\/marciszewski.eu\/?p=8913","title":{"rendered":"Racjonalizm i pragmatyzm Kazimierza Ajdukiewicza"},"content":{"rendered":"<h3>\u00a0Refleksje nad odznaczeniem\u00a0 &#8222;Bene Meritis de Philosophia&#8221;<\/h3>\n<p>\u017bycie akademickie obfituje w rytua\u0142y. Jedne s\u0105 odwieczne i bardzo czcigodne, inne dopiero co wymy\u015blone w zacnych intencjach. Zacna intencja przy\u015bwieca\u0142a uczestnikom X\u00a0 Og\u00f3lnopolskiego Zjazdu Filozoficznego w Poznaniu, 2015, gdy uchwalili ustanowienie medalu &#8222;Bene Meritis de Philosophia&#8221;, co si\u0119 t\u0142umaczy &#8222;dobrze dla filozofii zas\u0142u\u017conym&#8221;. Pomys\u0142 jest trafny. Gdy si\u0119 docenia zas\u0142ugi jednych, i tym samym\u00a0 okre\u015bla dobre wzorce czy wysokie standardy, ustawia si\u0119 innym jakby drogowskazy do pod\u0105\u017cania w\u0142a\u015bciwymi drogami.<\/p>\n<p>Ka\u017cdy dobry pomys\u0142 da si\u0119 ulepsza\u0107, tote\u017c jako jeden z odbiorc\u00f3w tego odznaczenia w jego pierwszej edycji\u00a0 chcia\u0142bym podsun\u0105\u0107\u00a0 pod rozwag\u0119 komisjom od edycji\u00a0 nast\u0119pnych wa\u017cne, jak s\u0105dz\u0119, udoskonalenie proceduralne: \u017ceby ci, co dost\u0119puj\u0105 odznaczenia dowiadywali si\u0119, co te\u017c spo\u0142eczno\u015b\u0107 akademicka, przez dan\u0105 komisj\u0119 reprezentowana.\u00a0 najbardziej w ich dorobku ceni. By\u0142by to dla nich i dla \u015brodowiska filozoficznego impuls do refleksji: nad czym warto si\u0119 trudzi\u0107:\u00a0 jakie kierunki bada\u0144, jakie metody etc.\u00a0 najlepiej zas\u0142uguj\u0105 si\u0119 filozofii.<\/p>\n<p>Pomy\u015bla\u0142em wi\u0119c,\u00a0 wobec braku takiej procedury na obecnym etapie, spr\u00f3bowa\u0107\u00a0 samooceny i powiedzie\u0107, co z moich docieka\u0144 i konkluzji chcia\u0142bym poleci\u0107 jako godne podj\u0119cia i kontynuacji. Tak si\u0119 dobrze sk\u0142ada, \u017ce kierunek, do kt\u00f3rego chcia\u0142bym zach\u0119ci\u0107\u00a0 m\u0142odszych ma siln\u0105 reprezentacj\u0119 w s\u0142awetnej Szkole Lwowsko-Warszawskiej. Sk\u0142adaj\u0105 si\u0119 na ni\u0105 nazwiska uczonych szczeg\u00f3lnie tw\u00f3rczych i w skali \u015bwiatowej\u00a0 wielce wp\u0142ywowych. S\u0105 to: Kazimierz Ajdukiewicz, Jan \u0141ukasiewicz i Alfred Tarski. Ka\u017cdy z nich na sw\u00f3j spos\u00f3b by\u0142 racjonalist\u0105 o zabarwieniu plato\u0144skim , a zarazem pragmatyst\u0105.<\/p>\n<p>Je\u015bli mam racj\u0119 w takim rozpoznaniu ich\u00a0 orientacji filozoficznej oraz podaniu dokumentacji, kt\u00f3rej nikt przedtem nie dostarczy\u0142, to my\u015bl\u0119, \u017ce w stopniu skromnym, ale jakim\u015b,\u00a0\u00a0 jestem <em>bene bene meritus de philosophia<\/em>. Dokumentacja, jak\u0105 zebra\u0142em zawiera si\u0119 w do\u015b\u0107 obszernym studium &#8222;Scientific philosophy in the Lvov-Warsaw School. Pragmatic rationalism as its mainstream trend&#8221;, dost\u0119pnym &#8222;on line&#8221;:\u00a0<a href=\"http:\/\/calculemus.org\/CA\/fil-nauki\/2016\/pragm-ration.pdf\"> http:\/\/calculemus.org\/CA\/fil-nauki\/2016\/pragm-ration.pdf<\/a>.\u00a0 Jest to\u00a0 wk\u0142ad do ksi\u0119gi jubileuszowej na 80-lecie ks. prof. Micha\u0142a Hellera, nie przypadkiem\u00a0 jemu dedykowany, bo jest to wybitny szermierz inspirowanego Platonem racjonalizmu.<\/p>\n<p style=\"text-align: center;\"><span style=\"color: #ff0000;\"><strong>#\u00a0 #\u00a0 #<\/strong><\/span><\/p>\n<p>Obecny wpis jest\u00a0 adresowany przede wszystkim do cz\u0142onk\u00f3w Rady Naukowej Instytutu Filozofii UW &#8212; z podzi\u0119kowaniem za akt wr\u0119czenia mi &#8222;Bene Meritis&#8221; w imieniu X Polskiego Zjazdu Filozoficznego,\u00a0 kt\u00f3ry wykonanie tego aktu powierzy\u0142 instytucjom, z kt\u00f3rymi \u0142\u0105czy\u00a0 odznaczonych jaki\u015b\u00a0 rodzaj afiliacji.<\/p>\n<p>Spotkanie odby\u0142o si\u0119 29.XI.2016 w sali im. Kazimierza Ajdukiewicza, w kt\u00f3rej przed laty\u00a0 odbywa\u0142y si\u0119 seminaria kierowanej przez niego Katedry Logiki. Portret za\u015b Patrona sali mia\u0142em, przemawiaj\u0105c, na wprost siebie. Uzna\u0142em wi\u0119c \u017ce warto si\u0119 podzieli\u0107 wiedz\u0105 o ewolucji Ajdukiewicza w kierunku pragmatycznego racjonalizmu, skoro sam si\u0119 do takiej orientacji przyznaj\u0119 i jemu j\u0105 w znacznej mierze zawdzi\u0119czam. Do\u015bwiadczy\u0142em\u00a0 jego inspiracji jako asystent w projekcie badawczym\u00a0 z metodologii nauk empirycznych.\u00a0 Dyskutuj\u0105c\u00a0 nad moim wk\u0142adem do projektu, dostrzeg\u0142\u00a0 on\u00a0 tendencj\u0119\u00a0 racjonalistyczn\u0105 i pragmatyczn\u0105, i zach\u0119ca\u0142 do dalszego pod\u0105\u017cania w tym kierunku.\u00a0 Przy tej sposobno\u015bci pozna\u0142em jego w\u0142asne preferencje, a moja z nimi zbie\u017cno\u015b\u0107 by\u0142a silnym na dalsze lata impulsem w\u0142asnych docieka\u0144.<\/p>\n<p>Dzi\u0119kuj\u0105c Instytutowi Filozofii UW za aran\u017cacj\u0119 spotkania,\u00a0 w paru s\u0142owach\u00a0 opowiedzia\u0142em uczestnikom\u00a0 o tre\u015bci mojego wk\u0142adu do wspomnianego projektu Ajdukiewicza, a \u017ce czas by\u0142 limitowany, obiecalem ci\u0105g dalszy przedstawi\u0107 w obecnym blogu. Gdy zasiad\u0142em nad klawiatur\u0105, uprzytomni\u0142em sobie,\u00a0 \u017ce nie musz\u0119 si\u0119 wysila\u0107, \u017ceby zmie\u015bci\u0107 tekst w ramach blogu (kt\u00f3ry d\u0142u\u017cszych wywod\u00f3w nie lubi),\u00a0 bo dysponuj\u0119 systematycznym wywodem na wchodz\u0105cy w gr\u0119 temat, w formacie PDF, mianowicie cytowanym wy\u017cej tekstem do tomu dedykowanego prof. Hellerowi.<\/p>\n<p>Natomiast dyskusja nad jego tre\u015bci\u0105, za kt\u00f3r\u0105 by\u0142bym najszczerzej wdzi\u0119czny, mo\u017ce by\u0107 prowadzona na\u00a0 blogu w formie komentarzy pod obecnym wpisem. My\u015bl\u0119, \u017ce taka technika dyskusji akademickiej ma szanse si\u0119 przyj\u0105\u0107, \u0142\u0105cz\u0105c w sobie gruntowno\u015b\u0107 poddanego dyskusji tekstu z elastyczn\u0105 interaktywno\u015bci\u0105 blogu. Dla u\u0142atwienia raz jeszcze podaj\u0119 URL: <a href=\"http:\/\/calculemus.org\/CA\/fil-nauki\/2016\/pragm-ration.pdf\">http:\/\/calculemus.org\/CA\/fil-nauki\/2016\/pragm-ration.pdf<\/a><\/p>\n<p>Przypuszczam, \u017ce znajd\u0105 si\u0119 osoby, kt\u00f3re uznaj\u0105 za ekscentryczny pomys\u0142 \u0142\u0105czenia racjonalizmu\u00a0 (platonizmu) z pragmatyzmem, a jeszcze bardziej zda si\u0119 im ryzykowne przypisywanie tej postawy g\u0142\u00f3wnemu nurtowi\u00a0 Szko\u0142y Lwowsko-Warszawskiej.\u00a0 By\u0142bym bardzo ciekaw ich reakcji i argumentacji.\u00a0 Z g\u00f3ry za ni\u0105 dzi\u0119kuj\u0119.<\/p>\n","protected":false},"excerpt":{"rendered":"<p>\u00a0Refleksje nad odznaczeniem\u00a0 &#8222;Bene Meritis de Philosophia&#8221; \u017bycie akademickie obfituje w rytua\u0142y. Jedne s\u0105 odwieczne i bardzo czcigodne, inne dopiero co wymy\u015blone w zacnych intencjach. Zacna intencja przy\u015bwieca\u0142a uczestnikom X\u00a0 Og\u00f3lnopolskiego Zjazdu Filozoficznego w Poznaniu, 2015, gdy uchwalili ustanowienie medalu &hellip; <a href=\"https:\/\/marciszewski.eu\/?p=8913\">Czytaj dalej <span class=\"meta-nav\">&rarr;<\/span><\/a><\/p>\n","protected":false},"author":2,"featured_media":0,"comment_status":"open","ping_status":"open","sticky":false,"template":"","format":"standard","meta":{"footnotes":""},"categories":[41,49],"tags":[],"class_list":["post-8913","post","type-post","status-publish","format-standard","hentry","category-epistemologia","category-racjonalizm"],"_links":{"self":[{"href":"https:\/\/marciszewski.eu\/index.php?rest_route=\/wp\/v2\/posts\/8913","targetHints":{"allow":["GET"]}}],"collection":[{"href":"https:\/\/marciszewski.eu\/index.php?rest_route=\/wp\/v2\/posts"}],"about":[{"href":"https:\/\/marciszewski.eu\/index.php?rest_route=\/wp\/v2\/types\/post"}],"author":[{"embeddable":true,"href":"https:\/\/marciszewski.eu\/index.php?rest_route=\/wp\/v2\/users\/2"}],"replies":[{"embeddable":true,"href":"https:\/\/marciszewski.eu\/index.php?rest_route=%2Fwp%2Fv2%2Fcomments&post=8913"}],"version-history":[{"count":23,"href":"https:\/\/marciszewski.eu\/index.php?rest_route=\/wp\/v2\/posts\/8913\/revisions"}],"predecessor-version":[{"id":12597,"href":"https:\/\/marciszewski.eu\/index.php?rest_route=\/wp\/v2\/posts\/8913\/revisions\/12597"}],"wp:attachment":[{"href":"https:\/\/marciszewski.eu\/index.php?rest_route=%2Fwp%2Fv2%2Fmedia&parent=8913"}],"wp:term":[{"taxonomy":"category","embeddable":true,"href":"https:\/\/marciszewski.eu\/index.php?rest_route=%2Fwp%2Fv2%2Fcategories&post=8913"},{"taxonomy":"post_tag","embeddable":true,"href":"https:\/\/marciszewski.eu\/index.php?rest_route=%2Fwp%2Fv2%2Ftags&post=8913"}],"curies":[{"name":"wp","href":"https:\/\/api.w.org\/{rel}","templated":true}]}}