{"id":9451,"date":"2017-10-18T21:38:13","date_gmt":"2017-10-18T19:38:13","guid":{"rendered":"http:\/\/marciszewski.eu\/?p=9451"},"modified":"2025-09-23T03:15:47","modified_gmt":"2025-09-23T01:15:47","slug":"o-zwiazkach-filozofii-ze-sztuczna-inteligencja-na-festiwalu-mysli-abstrakcyjnej","status":"publish","type":"post","link":"https:\/\/marciszewski.eu\/?p=9451","title":{"rendered":"O zwi\u0105zkach filozofii ze sztuczn\u0105 inteligencj\u0105 na Festiwalu My\u015bli Abstrakcyjnej"},"content":{"rendered":"<p>W dniach 19-22 pa\u017adziernika 2017 roku odby\u0142 si\u0119 w Warszawie kameralny <a href=\"http:\/\/fma.waw.pl\/\">Festiwal\u00a0 My\u015bli Abstrakcyjnej<\/a>, obfituj\u0105cy m.in w inspiruj\u0105ce spotkania z naukowcami.<\/p>\n<p>Na Festiwalu tym mia\u0142em przyjemno\u015b\u0107 poprowadzi\u0107 spotkanie wyk\u0142adowo-dyskusyjne pt. <a href=\"http:\/\/fma.waw.pl\/slychac-inspirujace-spotkania-naukowcami\/\">Czy sztuczna inteligencja potrzebuje filozofii?<\/a>. Odby\u0142o si\u0119 ono w niedziel\u0119 22 pa\u017adziernika o godzinie 14-tej.<\/p>\n<p>Poniewa\u017c w trakcie spotkania nie zd\u0105\u017cyli\u015bmy przeprowadzi\u0107 dyskusji (mia\u0142a ona charakter szcz\u0105tkowy), chcia\u0142bym zainicjowa\u0107 j\u0105 tutaj, przedstawiaj\u0105c pod rozwag\u0119 czytelnika pytania, kt\u00f3re omawia\u0142em &#8222;na \u017cywo&#8221;. Oto osiem najwa\u017cniejszych pyta\u0144:<\/p>\n<ol>\n<li>Co znaczy termin \u201esztuczna inteligencja (SI)\u201d?<\/li>\n<li>Co powinny umie\u0107 systemy informatyczne zwane inteligentnymi?<\/li>\n<li>Na czym polega logicystyczne, a na czym naturalistyczne, podej\u015bcie do tworzenia system\u00f3w inteligentnych?<\/li>\n<li>Czy zgadzasz si\u0119 ze stwierdzeniem, \u017ce \u201eprawie wszystkie nauki pochodz\u0105, wprost lub nie wprost, od filozofii\u201d?<\/li>\n<li>Czy filozofowie przyczynili si\u0119 do powstania bada\u0144 nad SI?<\/li>\n<li>Czy filozofowie w jakikolwiek spos\u00f3b stymuluj\u0105 wsp\u00f3\u0142czesne badania nad SI?<\/li>\n<li>Czy s\u0142uszne s\u0105 obawy przed maszynami inteligentnymi?<\/li>\n<li>Czy filozofia mo\u017ce pom\u00f3c w unikni\u0119ciu (ewentualnych) zagro\u017ce\u0144 ze strony SI?<\/li>\n<\/ol>\n<p>Jako dodatkowy punkt odniesienia ewentualnej dyskusji za\u0142\u0105czam tak\u017ce <a href=\"http:\/\/stac.calculemus.org\/pdf\/Czy-SI-potrzebuje-filozofii.pdf\" target=\"_blank\" rel=\"noopener\">SLAJDY<\/a>, kt\u00f3re prezentowa\u0142em podczas spotkania.<\/p>\n<p>Zapraszam serdecznie do dyskusji &#8212; Pawe\u0142 Stacewicz<\/p>\n<p>PS. Podobne dyskusje ju\u017c si\u0119 u nas toczy\u0142y. Mo\u017cna przejrze\u0107 nast\u0119puj\u0105ce: 1) <a href=\"http:\/\/marciszewski.eu\/?p=3985\">Czy informatykom jest potrzebna filozofia?<\/a>, 2) <a href=\"http:\/\/marciszewski.eu\/?p=1565\">O przydatno\u015bci filozofii<\/a>, 3) <a href=\"http:\/\/marciszewski.eu\/?p=8615\">Sztuczna inteligencja. Wyzwanie czy zagro\u017cenie?<\/a>.<\/p>\n","protected":false},"excerpt":{"rendered":"<p>W dniach 19-22 pa\u017adziernika 2017 roku odby\u0142 si\u0119 w Warszawie kameralny Festiwal\u00a0 My\u015bli Abstrakcyjnej, obfituj\u0105cy m.in w inspiruj\u0105ce spotkania z naukowcami. Na Festiwalu tym mia\u0142em przyjemno\u015b\u0107 poprowadzi\u0107 spotkanie wyk\u0142adowo-dyskusyjne pt. Czy sztuczna inteligencja potrzebuje filozofii?. Odby\u0142o si\u0119 ono w niedziel\u0119 &hellip; <a href=\"https:\/\/marciszewski.eu\/?p=9451\">Czytaj dalej <span class=\"meta-nav\">&rarr;<\/span><\/a><\/p>\n","protected":false},"author":3,"featured_media":0,"comment_status":"open","ping_status":"open","sticky":false,"template":"","format":"standard","meta":{"footnotes":""},"categories":[1,46,20,8,49],"tags":[],"class_list":["post-9451","post","type-post","status-publish","format-standard","hentry","category-bez-kategorii","category-dydaktyka","category-filozofia-informatyki","category-informatyzm","category-racjonalizm"],"_links":{"self":[{"href":"https:\/\/marciszewski.eu\/index.php?rest_route=\/wp\/v2\/posts\/9451","targetHints":{"allow":["GET"]}}],"collection":[{"href":"https:\/\/marciszewski.eu\/index.php?rest_route=\/wp\/v2\/posts"}],"about":[{"href":"https:\/\/marciszewski.eu\/index.php?rest_route=\/wp\/v2\/types\/post"}],"author":[{"embeddable":true,"href":"https:\/\/marciszewski.eu\/index.php?rest_route=\/wp\/v2\/users\/3"}],"replies":[{"embeddable":true,"href":"https:\/\/marciszewski.eu\/index.php?rest_route=%2Fwp%2Fv2%2Fcomments&post=9451"}],"version-history":[{"count":11,"href":"https:\/\/marciszewski.eu\/index.php?rest_route=\/wp\/v2\/posts\/9451\/revisions"}],"predecessor-version":[{"id":12580,"href":"https:\/\/marciszewski.eu\/index.php?rest_route=\/wp\/v2\/posts\/9451\/revisions\/12580"}],"wp:attachment":[{"href":"https:\/\/marciszewski.eu\/index.php?rest_route=%2Fwp%2Fv2%2Fmedia&parent=9451"}],"wp:term":[{"taxonomy":"category","embeddable":true,"href":"https:\/\/marciszewski.eu\/index.php?rest_route=%2Fwp%2Fv2%2Fcategories&post=9451"},{"taxonomy":"post_tag","embeddable":true,"href":"https:\/\/marciszewski.eu\/index.php?rest_route=%2Fwp%2Fv2%2Ftags&post=9451"}],"curies":[{"name":"wp","href":"https:\/\/api.w.org\/{rel}","templated":true}]}}