{"id":9713,"date":"2018-02-26T09:03:47","date_gmt":"2018-02-26T08:03:47","guid":{"rendered":"http:\/\/marciszewski.eu\/?p=9713"},"modified":"2025-09-23T03:12:41","modified_gmt":"2025-09-23T01:12:41","slug":"o-matematycznosci-swiata-raz-jeszcze","status":"publish","type":"post","link":"https:\/\/marciszewski.eu\/?p=9713","title":{"rendered":"O matematyczno\u015bci \u015bwiata raz jeszcze&#8230;"},"content":{"rendered":"<p>Obecnym wpisem, widocznym w g\u0142\u00f3wnym panelu naszego bloga, chcia\u0142bym zwr\u00f3ci\u0107 uwag\u0119 czytelnik\u00f3w i dyskutant\u00f3w, \u017ce w ostatnich dniach od\u017cy\u0142a pewna historyczna dyskusja o <span style=\"color: #ff0000;\">matematyczno\u015bci \u015bwiata<\/span>.<\/p>\n<p>Bardzo zach\u0119cam, aby j\u0105 na nowo podj\u0105\u0107.<\/p>\n<p>Podaj\u0119 link do anonsowanej dyskusji: <a href=\"http:\/\/marciszewski.eu\/?p=8149\">Matematyka &#8211; Cz\u0142owiek &#8211; \u015awiat<\/a><br \/>\n(komentarze s\u0105 dost\u0119pne, jak zwykle, pod samym wpisem).<\/p>\n<p>Udost\u0119pniam tak\u017ce pewien nowy materia\u0142, kt\u00f3ry dyskutowali\u015bmy na seminarium w PW.<br \/>\nS\u0105 to <a href=\"http:\/\/stac.calculemus.org\/pdf\/Seminarium-2017-18\/Matematycznos%C4%87%20%C5%9Bwiata%20-%20sem-luty-2018.pdf\">SLAJDY<\/a> opracowane przez prof. J\u00f3zefa Lubacza z wydzia\u0142u WEiTI PW.<\/p>\n<p>Jeszcze raz zach\u0119cam do dyskusji, kt\u00f3ra odbywa si\u0119 <a href=\"http:\/\/marciszewski.eu\/?p=8149\">tutaj<\/a>\u00a0 &#8212; Pawe\u0142 Stacewicz.<\/p>\n","protected":false},"excerpt":{"rendered":"<p>Obecnym wpisem, widocznym w g\u0142\u00f3wnym panelu naszego bloga, chcia\u0142bym zwr\u00f3ci\u0107 uwag\u0119 czytelnik\u00f3w i dyskutant\u00f3w, \u017ce w ostatnich dniach od\u017cy\u0142a pewna historyczna dyskusja o matematyczno\u015bci \u015bwiata. Bardzo zach\u0119cam, aby j\u0105 na nowo podj\u0105\u0107. Podaj\u0119 link do anonsowanej dyskusji: Matematyka &#8211; Cz\u0142owiek &hellip; <a href=\"https:\/\/marciszewski.eu\/?p=9713\">Czytaj dalej <span class=\"meta-nav\">&rarr;<\/span><\/a><\/p>\n","protected":false},"author":3,"featured_media":0,"comment_status":"open","ping_status":"open","sticky":false,"template":"","format":"standard","meta":{"footnotes":""},"categories":[46,41,42,49],"tags":[],"class_list":["post-9713","post","type-post","status-publish","format-standard","hentry","category-dydaktyka","category-epistemologia","category-filoz-nauki","category-racjonalizm"],"_links":{"self":[{"href":"https:\/\/marciszewski.eu\/index.php?rest_route=\/wp\/v2\/posts\/9713","targetHints":{"allow":["GET"]}}],"collection":[{"href":"https:\/\/marciszewski.eu\/index.php?rest_route=\/wp\/v2\/posts"}],"about":[{"href":"https:\/\/marciszewski.eu\/index.php?rest_route=\/wp\/v2\/types\/post"}],"author":[{"embeddable":true,"href":"https:\/\/marciszewski.eu\/index.php?rest_route=\/wp\/v2\/users\/3"}],"replies":[{"embeddable":true,"href":"https:\/\/marciszewski.eu\/index.php?rest_route=%2Fwp%2Fv2%2Fcomments&post=9713"}],"version-history":[{"count":10,"href":"https:\/\/marciszewski.eu\/index.php?rest_route=\/wp\/v2\/posts\/9713\/revisions"}],"predecessor-version":[{"id":12573,"href":"https:\/\/marciszewski.eu\/index.php?rest_route=\/wp\/v2\/posts\/9713\/revisions\/12573"}],"wp:attachment":[{"href":"https:\/\/marciszewski.eu\/index.php?rest_route=%2Fwp%2Fv2%2Fmedia&parent=9713"}],"wp:term":[{"taxonomy":"category","embeddable":true,"href":"https:\/\/marciszewski.eu\/index.php?rest_route=%2Fwp%2Fv2%2Fcategories&post=9713"},{"taxonomy":"post_tag","embeddable":true,"href":"https:\/\/marciszewski.eu\/index.php?rest_route=%2Fwp%2Fv2%2Ftags&post=9713"}],"curies":[{"name":"wp","href":"https:\/\/api.w.org\/{rel}","templated":true}]}}