{"id":9854,"date":"2018-09-15T14:21:45","date_gmt":"2018-09-15T12:21:45","guid":{"rendered":"http:\/\/marciszewski.eu\/?p=9854"},"modified":"2025-09-23T03:11:44","modified_gmt":"2025-09-23T01:11:44","slug":"filozofia-i-matematyka-zaproszenie-na-seminarium","status":"publish","type":"post","link":"https:\/\/marciszewski.eu\/?p=9854","title":{"rendered":"Filozofia i matematyka. Zaproszenie na seminarium."},"content":{"rendered":"<div>\n<p>Na dobry pocz\u0105tek blogowej aktywno\u015bci po wakacjach chcia\u0142bym zaprosi\u0107 Pa\u0144stwa na arcyciekawe wydarzenie, kt\u00f3rego charakter koresponduje z tematyk\u0105 naszego bloga. Jest nim wroc\u0142awskie seminarium pt. FILOZOFIA i MATEMATYKA, zaplanowane na 5 i 6 pa\u017adziernika 2018 roku.<\/p>\n<p>Zapraszam na to seminarium w imieniu doktora Bart\u0142omieja SKOWRONA, kt\u00f3ry przys\u0142a\u0142 taki oto opis:<\/p>\n<p>&lt;&lt;<br \/>\n<span style=\"color: #800080;\">Co wsp\u00f3lnego ma matematyka i filozofia? Na pierwszy rzut oka wydaje si\u0119, \u017ce\u00a0 nic. Matematycy to \u015bcis\u0142owcy, a filozofowie to humani\u015bci. Matematycy nie przepadaj\u0105 za humanistyk\u0105, a humani\u015bci chwal\u0105 si\u0119, \u017ce nie znaj\u0105 matematyki. Czy taki jednak obraz matematyki i filozofii jest adekwatny? Nie jest! Wielcy matematycy byli filozofami i na odwr\u00f3t, wielcy filozofowie uprawiali te\u017c matematyk\u0119. Na styku filozofii i matematyki od zawsze by\u0142a logika, raz b\u0119d\u0105c bli\u017cej filozofii, raz b\u0119d\u0105c bli\u017cej matematyki. Logicy wykorzystuj\u0105 zar\u00f3wno narz\u0119dzia matematyczne, na przyk\u0142ad teori\u0119 mnogo\u015bci lub teori\u0119 modeli, z drugiej za\u015b strony, w logice aktywnie rozwijane s\u0105 w\u0105tki logiki nieformalnej, kt\u00f3ra zanurzona jest g\u0142\u0119boko w tradycji filozoficznej. Filozofi\u0119 z matematyk\u0105 \u0142\u0105cz\u0105 te\u017c\u00a0 rozwa\u017cania nad filozoficznymi statusem obiekt\u00f3w matematycznych oraz nad sposobami poznania tego, co matematyczne, czyli zagadnienia z zakresu filozofii matematyki. Wszystkie te w\u0105tki pojawi\u0105 si\u0119 podczas organizowanego we Wroc\u0142awiu seminarium w dniach 5-6 pa\u017adziernika 2018 r. pt.\u00a0Filozofia i matematyka. G\u0142\u00f3wnymi organizatorami seminarium s\u0105 Mi\u0119dzynarodowe Centrum Ontologii Formalnej (Wydzia\u0142 Administracji i Nauk Spo\u0142ecznych, Politechnika Warszawska) oraz Wroc\u0142awskie Centrum Akademickie\u00a0 (Academia Europaea oraz Akademia M\u0142odych Uczonych i Artyst\u00f3w). Seminarium wspiera Miasto Wroc\u0142aw a patronat medialny obj\u0119\u0142o czasopismo popularyzuj\u0105ce filozofi\u0119\u00a0<span id=\"OBJ_PREFIX_DWT820_com_zimbra_url\" role=\"link\"><span id=\"OBJ_PREFIX_DWT840_com_zimbra_url\" role=\"link\"><a style=\"color: #800080;\" href=\"http:\/\/filozofuj.eu\/\" target=\"_blank\" rel=\"noopener\">Filozofuj!<\/a><\/span><\/span>\u00a0Seminarium odb\u0119dzie si\u0119 w siedzibie Wroc\u0142awskiego Centrum Akademickiego we Wroc\u0142awiu, Rynek 13,\u00a0 pierwsze pi\u0119tro.<\/span><\/p>\n<p><span style=\"color: #800080;\">Mniej oczywistym, ni\u017c logika i filozofia matematyki, po\u0142\u0105czeniem jest filozofia matematyczna. Jest ona obecna w naszej tradycji od czas\u00f3w Platona, przez czasy Leibniza, a\u017c do naszych czas\u00f3w, czyli czas\u00f3w &#8211; powiedzmy &#8211; G\u00f6dla. Filozofi\u0119 matematyczn\u0105 nazywa si\u0119\u00a0 czasem filozofi\u0105 formaln\u0105 lub filozofi\u0105 logiczn\u0105.\u00a0 Matematyka wtedy s\u0142u\u017cy jako narz\u0119dzie do modelowania zagadnie\u0144 filozoficznych, podobnie jak we wsp\u00f3\u0142czesnej fizyce, gdzie struktury matematyczne s\u0105 swoistym materia\u0142em dla teorii fizycznych. Matematyka pomaga w zaawansowanych rozwa\u017caniach filozoficznych. Jednym z najszybciej rozwijaj\u0105cych si\u0119 centr\u00f3w filozofii matematycznej\u00a0na \u015bwiecie jest Munich Center for Mathematical Philosophy. Centrum tym kieruje prof. Hannes Leitgeb, cz\u0142onek Academii Europaea, kt\u00f3ry we\u017amie udzia\u0142 w seminarium, zar\u00f3wno jako prelegent, jak i jako panelista w debacie pt. &#8222;Mathematics, Philosophy and Mathematical Philosophy&#8221;. W\u015br\u00f3d uczestnik\u00f3w seminarium s\u0105\u00a0 cz\u0142onkowie Academii Europaea: prof. Jan Wole\u0144ski (filozof, logik) oraz prof. Marek Ku\u015b (fizyk, filozof fizyki). Seminarium otworzy prof. Tadeusz Luty (chemik). W\u015br\u00f3d prelegent\u00f3w wyst\u0105pi\u0105 tak\u017ce prof. Roman Murawski (matematyk, filozof matematyki), prof. Krzysztof W\u00f3jtowicz (filozof matematyki), dr Jakub Jernajczyk (artysta, filozof), dr Bart\u0142omiej Skowron (filozof) oraz prof. Ludomir Newelski (matematyk, logik).<\/span><\/p>\n<p><span style=\"color: #800080;\">Program seminarium dost\u0119pny jest na <a href=\"http:\/\/stac.calculemus.org\/pdf\/Informacja_a_wiedza.jpg\" target=\"_blank\" rel=\"noopener\">PLAKACIE<\/a>. Seminarium jest otwarte.<\/span><\/p>\n<p><span style=\"color: #800080;\">ZAPRASZAMY!<\/span><\/p>\n<\/div>\n<p><span style=\"color: #800080;\">Wydarzenie na FB:\u00a0<span id=\"OBJ_PREFIX_DWT821_com_zimbra_url\" role=\"link\"><span id=\"OBJ_PREFIX_DWT841_com_zimbra_url\" role=\"link\"><a style=\"color: #800080;\" href=\"https:\/\/www.facebook.com\/events\/328040321092435\/\" target=\"_blank\" rel=\"noopener\">https:\/\/www.facebook.com\/events\/328040321092435\/<\/a><\/span><\/span><\/span><\/p>\n<p><span style=\"color: #800080;\">Strona internetowa wydarzenia:\u00a0<span id=\"OBJ_PREFIX_DWT822_com_zimbra_url\" role=\"link\"><span id=\"OBJ_PREFIX_DWT842_com_zimbra_url\" role=\"link\"><a style=\"color: #800080;\" href=\"http:\/\/www.icfo.ans.pw.edu.pl\/en\/?page_id=2086\" target=\"_blank\" rel=\"noopener\">http:\/\/www.icfo.ans.pw.edu.pl\/en\/?page_id=2086<\/a><\/span><\/span><\/span><\/p>\n<p>&gt;&#038;gt<\/p>\n","protected":false},"excerpt":{"rendered":"<p>Na dobry pocz\u0105tek blogowej aktywno\u015bci po wakacjach chcia\u0142bym zaprosi\u0107 Pa\u0144stwa na arcyciekawe wydarzenie, kt\u00f3rego charakter koresponduje z tematyk\u0105 naszego bloga. Jest nim wroc\u0142awskie seminarium pt. FILOZOFIA i MATEMATYKA, zaplanowane na 5 i 6 pa\u017adziernika 2018 roku. Zapraszam na to seminarium &hellip; <a href=\"https:\/\/marciszewski.eu\/?p=9854\">Czytaj dalej <span class=\"meta-nav\">&rarr;<\/span><\/a><\/p>\n","protected":false},"author":3,"featured_media":0,"comment_status":"open","ping_status":"open","sticky":false,"template":"","format":"standard","meta":{"footnotes":""},"categories":[46,42],"tags":[],"class_list":["post-9854","post","type-post","status-publish","format-standard","hentry","category-dydaktyka","category-filoz-nauki"],"_links":{"self":[{"href":"https:\/\/marciszewski.eu\/index.php?rest_route=\/wp\/v2\/posts\/9854","targetHints":{"allow":["GET"]}}],"collection":[{"href":"https:\/\/marciszewski.eu\/index.php?rest_route=\/wp\/v2\/posts"}],"about":[{"href":"https:\/\/marciszewski.eu\/index.php?rest_route=\/wp\/v2\/types\/post"}],"author":[{"embeddable":true,"href":"https:\/\/marciszewski.eu\/index.php?rest_route=\/wp\/v2\/users\/3"}],"replies":[{"embeddable":true,"href":"https:\/\/marciszewski.eu\/index.php?rest_route=%2Fwp%2Fv2%2Fcomments&post=9854"}],"version-history":[{"count":8,"href":"https:\/\/marciszewski.eu\/index.php?rest_route=\/wp\/v2\/posts\/9854\/revisions"}],"predecessor-version":[{"id":12570,"href":"https:\/\/marciszewski.eu\/index.php?rest_route=\/wp\/v2\/posts\/9854\/revisions\/12570"}],"wp:attachment":[{"href":"https:\/\/marciszewski.eu\/index.php?rest_route=%2Fwp%2Fv2%2Fmedia&parent=9854"}],"wp:term":[{"taxonomy":"category","embeddable":true,"href":"https:\/\/marciszewski.eu\/index.php?rest_route=%2Fwp%2Fv2%2Fcategories&post=9854"},{"taxonomy":"post_tag","embeddable":true,"href":"https:\/\/marciszewski.eu\/index.php?rest_route=%2Fwp%2Fv2%2Ftags&post=9854"}],"curies":[{"name":"wp","href":"https:\/\/api.w.org\/{rel}","templated":true}]}}